{"id":42604,"date":"2023-04-29T12:58:00","date_gmt":"2023-04-29T10:58:00","guid":{"rendered":"https:\/\/www1.romereports.com\/2023\/04\/29\/young-people-and-children-with-special-needs-welcome-pope-francis-with-hymns\/"},"modified":"2023-04-29T12:58:00","modified_gmt":"2023-04-29T10:58:00","slug":"young-people-and-children-with-special-needs-welcome-pope-francis-with-hymns","status":"publish","type":"post","link":"https:\/\/www.romereports.com\/en\/2023\/04\/29\/young-people-and-children-with-special-needs-welcome-pope-francis-with-hymns\/","title":{"rendered":"Young people and children with special needs welcome Pope Francis with hymns"},"content":{"rendered":"<p>Pope Francis visited the Blessed L\u00e1szl\u00f3 Batthy\u00e1ny-Strattmann Institute, a school for children and young people with visual impairment and special educational needs.&nbsp;<\/p>\n<p>The students sang different hymns, such as the Ave Maria and the song of thanksgiving.&nbsp;<\/p>\n<p>The students said goodbye to the Pope singing Ubi Caritas accompanied by the piano. As Pope Francis moved through the aisles in his wheelchair, he blessed the students. The children and their families continued to sing even after the Pope's departure.&nbsp;<\/p>\n<p>PA<\/p>\n<p>TR: KG<\/p><\/p>\n","protected":false},"excerpt":{"rendered":"<p>The Blessed L\u00e1szl\u00f3 Batthy\u00e1ny-Strattmann Institute is a school for young people and children with visual and motor disabilities.<\/p>\n","protected":false},"author":0,"featured_media":6852,"comment_status":"closed","ping_status":"closed","sticky":false,"template":"","format":"standard","meta":{"footnotes":""},"categories":[24],"tags":[],"acf":{"video":"https:\/\/youtu.be\/6XLxKNpAq7A","video_descarga":"http:\/\/attuale.romereports.com\/news\/bnccantante.mp4","international_url":"http:\/\/attuale.romereports.com\/news\/bnccantante.mp4","type":"bn","newsletter":"si"},"_links":{"self":[{"href":"https:\/\/www.romereports.com\/en\/wp-json\/wp\/v2\/posts\/42604"}],"collection":[{"href":"https:\/\/www.romereports.com\/en\/wp-json\/wp\/v2\/posts"}],"about":[{"href":"https:\/\/www.romereports.com\/en\/wp-json\/wp\/v2\/types\/post"}],"replies":[{"embeddable":true,"href":"https:\/\/www.romereports.com\/en\/wp-json\/wp\/v2\/comments?post=42604"}],"version-history":[{"count":0,"href":"https:\/\/www.romereports.com\/en\/wp-json\/wp\/v2\/posts\/42604\/revisions"}],"wp:featuredmedia":[{"embeddable":true,"href":"https:\/\/www.romereports.com\/en\/wp-json\/wp\/v2\/media\/6852"}],"wp:attachment":[{"href":"https:\/\/www.romereports.com\/en\/wp-json\/wp\/v2\/media?parent=42604"}],"wp:term":[{"taxonomy":"category","embeddable":true,"href":"https:\/\/www.romereports.com\/en\/wp-json\/wp\/v2\/categories?post=42604"},{"taxonomy":"post_tag","embeddable":true,"href":"https:\/\/www.romereports.com\/en\/wp-json\/wp\/v2\/tags?post=42604"}],"curies":[{"name":"wp","href":"https:\/\/api.w.org\/{rel}","templated":true}]}}