{"id":44690,"date":"2021-10-25T12:46:42","date_gmt":"2021-10-25T10:46:42","guid":{"rendered":"https:\/\/www1.romereports.com\/2021\/10\/25\/vice-president-of-colombia-meets-with-pope-francis-and-kidnapped-nun\/"},"modified":"2021-10-25T12:46:00","modified_gmt":"2021-10-25T10:46:00","slug":"vice-president-of-colombia-meets-with-pope-francis-and-kidnapped-nun","status":"publish","type":"post","link":"https:\/\/www.romereports.com\/en\/2021\/10\/25\/vice-president-of-colombia-meets-with-pope-francis-and-kidnapped-nun\/","title":{"rendered":"Vice president of Colombia meets with Pope Francis and kidnapped nun"},"content":{"rendered":"<p><em>-'Your Holiness, I am so glad to have this opportunity with you. Thank you very much for giving us this space, Your Holiness.'<\/em><\/p>\n<p>The Colombian Vice President and Minister of Foreign Affairs, Marta Luc\u00eda Ram\u00edrez, met with Pope Francis at the Vatican this Saturday. She is in Rome on the occasion of the 10th Conference on Italy-Latin America and the Caribbean.<\/p>\n<p>Together they discussed the major problems currently facing Colombia, such as drug trafficking. On social media, the vice president expressed her gratitude for the Pope's support on protecting migrants, caring for the environment and promoting gender equality.<\/p>\n<p>In their meeting Ram\u00edrez offered the Pope a bag of special coffee, planted and produced by Colombian women. She shared that in the coffee-growing region of Colombia, 33% coffee producers are women.&nbsp;<\/p>\n<p>To end their meeting, Pope Francis shared a message of strength and courage with the Vice President and the entire Colombian people.<\/p>\n<p>The vice president took advantage of the trip to Rome to meet with Colombian nun Gloria Cecilia Narv\u00e1ez, who was kidnapped by Al-Qaeda in 2017 and was released on October 9 due in large part to the Vatican's help.&nbsp;<\/p>\n<\/p>\n<p>BSB<\/p>\n<p>TR: JM<\/p>\n","protected":false},"excerpt":{"rendered":"<p>October 25, 2021. During her visit to Rome, Marta Luc\u00eda Ram\u00edrez met with the Pope as well as Gloria Cecilia Narv\u00e1ez, the Colombian nun kidnapped by Al-Qaeda.<\/p>\n","protected":false},"author":0,"featured_media":12403,"comment_status":"closed","ping_status":"closed","sticky":false,"template":"","format":"standard","meta":{"footnotes":""},"categories":[24],"tags":[],"acf":{"video":"https:\/\/youtu.be\/IXFk8flcji4","video_descarga":"http:\/\/attuale.romereports.com\/news\/bvicepresidentacolombiaeng.mp4","international_url":"http:\/\/attuale.romereports.com\/news\/bvicepresidentacolombiaint.mp4","type":"bn","newsletter":"si"},"_links":{"self":[{"href":"https:\/\/www.romereports.com\/en\/wp-json\/wp\/v2\/posts\/44690"}],"collection":[{"href":"https:\/\/www.romereports.com\/en\/wp-json\/wp\/v2\/posts"}],"about":[{"href":"https:\/\/www.romereports.com\/en\/wp-json\/wp\/v2\/types\/post"}],"replies":[{"embeddable":true,"href":"https:\/\/www.romereports.com\/en\/wp-json\/wp\/v2\/comments?post=44690"}],"version-history":[{"count":0,"href":"https:\/\/www.romereports.com\/en\/wp-json\/wp\/v2\/posts\/44690\/revisions"}],"wp:featuredmedia":[{"embeddable":true,"href":"https:\/\/www.romereports.com\/en\/wp-json\/wp\/v2\/media\/12403"}],"wp:attachment":[{"href":"https:\/\/www.romereports.com\/en\/wp-json\/wp\/v2\/media?parent=44690"}],"wp:term":[{"taxonomy":"category","embeddable":true,"href":"https:\/\/www.romereports.com\/en\/wp-json\/wp\/v2\/categories?post=44690"},{"taxonomy":"post_tag","embeddable":true,"href":"https:\/\/www.romereports.com\/en\/wp-json\/wp\/v2\/tags?post=44690"}],"curies":[{"name":"wp","href":"https:\/\/api.w.org\/{rel}","templated":true}]}}