{"id":48590,"date":"2018-12-14T18:04:05","date_gmt":"2018-12-14T17:04:05","guid":{"rendered":"https:\/\/www1.romereports.com\/2018\/12\/14\/here-i-am-the-reggaeton-song-for-wyd-panama-2019\/"},"modified":"2018-12-14T18:04:00","modified_gmt":"2018-12-14T17:04:00","slug":"here-i-am-the-reggaeton-song-for-wyd-panama-2019","status":"publish","type":"post","link":"https:\/\/www.romereports.com\/en\/2018\/12\/14\/here-i-am-the-reggaeton-song-for-wyd-panama-2019\/","title":{"rendered":"\"Here I am,\" the reggaeton song for WYD Panama 2019"},"content":{"rendered":"<p>It is titled 'Aqu\u00ed Estoy (Here I Am),' and it is a reggaeton song the Ram\u00f3n Pan\u00e9 Foundation has launched for WYD in Panama.<\/p>\n<p>It is a melody that will be heard in Cristonautas park during the event.<\/p>\n<p><strong>RICARDO GRZONA<br \/>\nPresident, Ram\u00f3n Pan\u00e9 Foundation<\/strong><br \/>\n<em>'We made a song that was just released yesterday by two singers and we've made it bilingual because we want to learn languages from other places. It will be sung in Spanish and English simultaneously in a reggaeton rhythm and it's called 'Aqu\u00ed Estoy (Here I am).''<\/em><\/p>\n<p>It was produced by singer-songwriter Iv\u00e1n D\u00edaz and Fr. Robert Galea, who have joined two languages to create this up-beat song.<\/p>\n<p><strong>RICARDO GRZONA<br \/>\nPresident, Ram\u00f3n Pan\u00e9 Foundation<\/strong><br \/>\n<em>'It will be sung with a famous Australian priest, Robert Galea, and Iv\u00e1n D\u00edaz from Colombia. This will lead us to the fact that prayer can be expressed in many ways.'<\/em><\/p>\n<p>For Fr. Robert Galea, it is his second time participating participation in WYD. In 2011 he performed the theme song for the Sydney event.<\/p><\/p>\n","protected":false},"excerpt":{"rendered":"<p>December 14th, 2018. It is a Spanish and English interpretation by Australian priest Robert Galea and the Colombian singer-songwriter, Iv\u00e1n D\u00edaz.<\/p>\n","protected":false},"author":0,"featured_media":26879,"comment_status":"closed","ping_status":"closed","sticky":false,"template":"","format":"standard","meta":{"footnotes":""},"categories":[160],"tags":[],"acf":{"video":"https:\/\/youtu.be\/50Dt-7G3ug8","video_descarga":"http:\/\/attuale.romereports.com\/news\/ bnuevacanci\u00f3njmjeng.mp4","international_url":"http:\/\/attuale.romereports.com\/news\/bnuevacanci\u00f3njmjint.mp4","type":"rrp","newsletter":"si"},"_links":{"self":[{"href":"https:\/\/www.romereports.com\/en\/wp-json\/wp\/v2\/posts\/48590"}],"collection":[{"href":"https:\/\/www.romereports.com\/en\/wp-json\/wp\/v2\/posts"}],"about":[{"href":"https:\/\/www.romereports.com\/en\/wp-json\/wp\/v2\/types\/post"}],"replies":[{"embeddable":true,"href":"https:\/\/www.romereports.com\/en\/wp-json\/wp\/v2\/comments?post=48590"}],"version-history":[{"count":0,"href":"https:\/\/www.romereports.com\/en\/wp-json\/wp\/v2\/posts\/48590\/revisions"}],"wp:featuredmedia":[{"embeddable":true,"href":"https:\/\/www.romereports.com\/en\/wp-json\/wp\/v2\/media\/26879"}],"wp:attachment":[{"href":"https:\/\/www.romereports.com\/en\/wp-json\/wp\/v2\/media?parent=48590"}],"wp:term":[{"taxonomy":"category","embeddable":true,"href":"https:\/\/www.romereports.com\/en\/wp-json\/wp\/v2\/categories?post=48590"},{"taxonomy":"post_tag","embeddable":true,"href":"https:\/\/www.romereports.com\/en\/wp-json\/wp\/v2\/tags?post=48590"}],"curies":[{"name":"wp","href":"https:\/\/api.w.org\/{rel}","templated":true}]}}