{"id":50187,"date":"2017-10-15T12:30:00","date_gmt":"2017-10-15T10:30:00","guid":{"rendered":"https:\/\/www1.romereports.com\/2017\/10\/15\/from-cordoba-to-rome-to-sing-for-the-pope\/"},"modified":"2017-10-15T12:30:00","modified_gmt":"2017-10-15T10:30:00","slug":"from-cordoba-to-rome-to-sing-for-the-pope","status":"publish","type":"post","link":"https:\/\/www.romereports.com\/en\/2017\/10\/15\/from-cordoba-to-rome-to-sing-for-the-pope\/","title":{"rendered":"From C\u00f3rdoba to Rome to sing for the pope"},"content":{"rendered":"<p>They come from Spain in order for their voices to be heard throughout Rome. They\u2019re the Orchestra and the <strong>Choir of the Cathedral of C\u00f3rdoba<\/strong> and now they\u2019ve accomplished a dream: singing for Pope Francis.<\/p>\n<p>They are <strong>accompanied by the Bishop of C\u00f3rdoba<\/strong> and are in Italy to tour after recording their first album, entitled \u201cTe Deum, la m\u00fasica en la catedral de C\u00f3rdoba.\u201d<\/p>\n<p><strong>CLEMENTE MATA<br \/>\nDirector of the Orchestra and the Choir<br \/>\n<\/strong><em>\u201cTogether with the Holy Father and a tour that ends Saturday, we\u2019re presenting \u201cTe Deum, la m\u00fasica en la Catedral de C\u00f3rdoba.\u201d It is the first album edited by a group from the Spanish cathedral, and the music we perform in the Cathedral of C\u00f3rdoba is shown and appreciated.\u201d<\/em><\/p>\n<p>They say <strong>they greeted the pope in a \u201cvery beautiful and profound\u201d way,<\/strong> and that Pope Francis even joked with them.<\/p>\n<p><strong>MSGR. DEMETRIO FERN\u00c1NDEZ<br \/>\nBishop of C\u00f3rdoba, Spain<br \/>\n<\/strong><em>\u201cThey put us with a group of singers from C\u00f3rdoba, child singers from C\u00f3rdoba. But those children from C\u00f3rdoba were from C\u00f3rdoba, Argentina, and we were from C\u00f3rdoba, Spain. They put us together because they didn\u2019t differentiate. Then I said to the pope, \u2018Look, they\u2019re from C\u00f3rdoba, but we\u2019re also from C\u00f3rdoba.\u2019 He said, \u2018You are the mother city, and they are the children.\u2019\u201d<\/em><\/p>\n<p>The bishop assures that this experience will lead to \u201ca consecration and an impetus in this work of praising God.\u201d<\/p>\n<p>With the intention of \u201chelping the Christian community unite with God through sacred music,\u201d they bid farewell in order to continue their pilgrimage around to different Roman basilicas.&nbsp;<\/p><\/p>\n","protected":false},"excerpt":{"rendered":"<p>The Orchestra and Choir of the Cathedral of C\u00f3rdoba, Spain is touring the Italian capital.<\/p>\n","protected":false},"author":0,"featured_media":28214,"comment_status":"closed","ping_status":"closed","sticky":false,"template":"","format":"standard","meta":{"footnotes":""},"categories":[214],"tags":[],"acf":{"video":"https:\/\/youtu.be\/ZN_Da7bvdBE","video_descarga":"http:\/\/attuale.romereports.com\/news\/brandomcordobaeng.mov","international_url":"http:\/\/attuale.romereports.com\/news\/brandomcordobaint.mov","type":"none","newsletter":"si"},"_links":{"self":[{"href":"https:\/\/www.romereports.com\/en\/wp-json\/wp\/v2\/posts\/50187"}],"collection":[{"href":"https:\/\/www.romereports.com\/en\/wp-json\/wp\/v2\/posts"}],"about":[{"href":"https:\/\/www.romereports.com\/en\/wp-json\/wp\/v2\/types\/post"}],"replies":[{"embeddable":true,"href":"https:\/\/www.romereports.com\/en\/wp-json\/wp\/v2\/comments?post=50187"}],"version-history":[{"count":0,"href":"https:\/\/www.romereports.com\/en\/wp-json\/wp\/v2\/posts\/50187\/revisions"}],"wp:featuredmedia":[{"embeddable":true,"href":"https:\/\/www.romereports.com\/en\/wp-json\/wp\/v2\/media\/28214"}],"wp:attachment":[{"href":"https:\/\/www.romereports.com\/en\/wp-json\/wp\/v2\/media?parent=50187"}],"wp:term":[{"taxonomy":"category","embeddable":true,"href":"https:\/\/www.romereports.com\/en\/wp-json\/wp\/v2\/categories?post=50187"},{"taxonomy":"post_tag","embeddable":true,"href":"https:\/\/www.romereports.com\/en\/wp-json\/wp\/v2\/tags?post=50187"}],"curies":[{"name":"wp","href":"https:\/\/api.w.org\/{rel}","templated":true}]}}