{"id":60180,"date":"2023-09-05T03:00:00","date_gmt":"2023-09-05T01:00:00","guid":{"rendered":"https:\/\/www.romereports.com\/?p=60180"},"modified":"2023-09-05T11:06:17","modified_gmt":"2023-09-05T09:06:17","slug":"from-religious-sister-to-nobel-prize-winner-the-life-of-mother-teresa","status":"publish","type":"post","link":"https:\/\/www.romereports.com\/en\/2023\/09\/05\/from-religious-sister-to-nobel-prize-winner-the-life-of-mother-teresa\/","title":{"rendered":"From religious sister to Nobel Prize winner: the life of Mother Teresa"},"content":{"rendered":"\n<p>La madre Teresa de Calcuta era hija de un empresario y pol\u00edtico alban\u00e9s. A los 12 a\u00f1os, supo que quer\u00eda ser religiosa. Esto hizo que, seis a\u00f1os despu\u00e9s, ingresase en el convento. Sin embargo, tiempo despu\u00e9s, decidi\u00f3 fundar otra congregaci\u00f3n dedicada a los m\u00e1s necesitados. Eso la llev\u00f3 a los barrios m\u00e1s olvidados de Calcuta, en la India. Su vida de dedicaci\u00f3n a los pobres fue dura. As\u00ed lo revelan sus cartas.<\/p>\n\n<p><strong>SOR TERESITA MAGDALA<br\/>Misioneras de la Caridad<\/strong><br\/><em>Alg\u00fan tiempo despu\u00e9s de su muerte, los documentos que hab\u00edan sido guardados por la antig\u00fcedad jesuita nos fueron entregados cuando comenzamos a hacer el proceso de su beatificaci\u00f3n. As\u00ed que, de esa manera, empezamos a descubrir las cosas que nunca hab\u00edamos sabido. Nadie en la congregaci\u00f3n sab\u00eda que durante 50 a\u00f1os ella pas\u00f3 por tanta oscuridad.<br\/>Se dijo a s\u00ed misma: \"Lo veo como un lado espiritual de mi vida, entrar en este sufrimiento de los pobres\".<\/em><\/p>\n\n<p>A pesar de las dificultades, la madre Teresa continu\u00f3 su labor humanitaria con los pobres. En 1979, este servicio le vali\u00f3 el Premio Nobel de la Paz. Y en 1994, fue la invitada especial del Desayuno Nacional de Oraci\u00f3n, donde tambi\u00e9n participan el presidente de Estados Unidos y congresistas.<\/p>\n\n<p>Ante algunas de las personas m\u00e1s ricas y poderosas del mundo, aprovech\u00f3 ambos discursos no solo para sensibilizar sobre la necesidad de atender a los m\u00e1s vulnerables, sino tambi\u00e9n para pronunciarse en contra de uno de los temas m\u00e1s controvertidos del momento: el aborto.<\/p>\n\n<p><strong>MADRE TERESA<br\/><\/strong><em>Creo que el mayor destructor de la paz hoy en d\u00eda es el aborto.<br\/>Y si aceptamos que una madre pueda matar incluso a su propio hijo, \u00bfc\u00f3mo podemos decir a otras personas que no se maten unas a otras?<\/em><\/p>\n\n<p>Madre Teresa falleci\u00f3 en 1997 y su proceso de canonizaci\u00f3n fue uno de los m\u00e1s r\u00e1pidos de la historia. Juan Pablo II la beatific\u00f3 en el 2002 y Francisco la declar\u00f3 santa en el a\u00f1o 2016.<\/p>\n\n<p>Fueron necesarios dos milagros para eso. El primero fue la curaci\u00f3n de una mujer de la India que ten\u00eda un tumor grave. El segundo fue el caso de Marcilio Andrino, un brasile\u00f1o con una infecci\u00f3n cerebral. \u00c9l y su mujer ten\u00edan una gran devoci\u00f3n a la Madre Teresa. 14 horas despu\u00e9s de caer en coma, despert\u00f3 milagrosamente.<\/p>\n\n<p><strong>MARCILIO ANDRINO<br\/><\/strong><em>Sent\u00ed una paz muy grande y ning\u00fan dolor de cabeza.<br\/>En el momento en que dej\u00e9 de sentir dolor, los m\u00e9dicos me hicieron pruebas y vieron que el 70% de la infecci\u00f3n se hab\u00eda reducido.<\/em><\/p>\n\n<p>Marcilio Andrino tuvo que contar la historia de su curaci\u00f3n en Roma, a donde volvi\u00f3 tiempo despu\u00e9s para participar personalmente en la canonizaci\u00f3n de Madre Teresa en San Pedro.<\/p>\n\n<p>AT<br\/>TR: CA<\/p>\n","protected":false},"excerpt":{"rendered":"<p>September 5th marks the feast of one of the most recognizable religious figures in modern day.<\/p>\n","protected":false},"author":758,"featured_media":60166,"comment_status":"closed","ping_status":"closed","sticky":false,"template":"","format":"standard","meta":{"footnotes":""},"categories":[24,164],"tags":[],"acf":{"video":"https:\/\/youtu.be\/gWW7t0nbMKg","video_descarga":"https:\/\/attuale.romereports.com\/news\/bmotherteresafeastdayeng.mp4","international_url":"https:\/\/attuale.romereports.com\/news\/bmotherteresafeastdayint.mp4","type":"bn","newsletter":"si"},"_links":{"self":[{"href":"https:\/\/www.romereports.com\/en\/wp-json\/wp\/v2\/posts\/60180"}],"collection":[{"href":"https:\/\/www.romereports.com\/en\/wp-json\/wp\/v2\/posts"}],"about":[{"href":"https:\/\/www.romereports.com\/en\/wp-json\/wp\/v2\/types\/post"}],"author":[{"embeddable":true,"href":"https:\/\/www.romereports.com\/en\/wp-json\/wp\/v2\/users\/758"}],"replies":[{"embeddable":true,"href":"https:\/\/www.romereports.com\/en\/wp-json\/wp\/v2\/comments?post=60180"}],"version-history":[{"count":6,"href":"https:\/\/www.romereports.com\/en\/wp-json\/wp\/v2\/posts\/60180\/revisions"}],"predecessor-version":[{"id":60212,"href":"https:\/\/www.romereports.com\/en\/wp-json\/wp\/v2\/posts\/60180\/revisions\/60212"}],"wp:featuredmedia":[{"embeddable":true,"href":"https:\/\/www.romereports.com\/en\/wp-json\/wp\/v2\/media\/60166"}],"wp:attachment":[{"href":"https:\/\/www.romereports.com\/en\/wp-json\/wp\/v2\/media?parent=60180"}],"wp:term":[{"taxonomy":"category","embeddable":true,"href":"https:\/\/www.romereports.com\/en\/wp-json\/wp\/v2\/categories?post=60180"},{"taxonomy":"post_tag","embeddable":true,"href":"https:\/\/www.romereports.com\/en\/wp-json\/wp\/v2\/tags?post=60180"}],"curies":[{"name":"wp","href":"https:\/\/api.w.org\/{rel}","templated":true}]}}