{"id":78494,"date":"2025-06-24T13:45:29","date_gmt":"2025-06-24T11:45:29","guid":{"rendered":"https:\/\/www.romereports.com\/?p=78494"},"modified":"2025-06-24T13:52:12","modified_gmt":"2025-06-24T11:52:12","slug":"first-appointments-of-consecrated-lay-salesians-to-lead-communities","status":"publish","type":"post","link":"https:\/\/www.romereports.com\/en\/2025\/06\/24\/first-appointments-of-consecrated-lay-salesians-to-lead-communities\/","title":{"rendered":"Consecrated lay Salesians appointed to lead their communities for the first time"},"content":{"rendered":"\n<p>The Salesians had already approved it in their most recent General Chapter: the superior of a community could be a consecrated layperson.<\/p>\n\n\n\n<p><strong>D. PASCUAL CH\u00c1VEZ, Rector Major Emeritus of the Salesians<br><\/strong><em>Number 13, concerning the request to the Rector Major to avail himself ad experimentum of the pope's Rescript to appoint, with the consent of his council, a Salesian Coadjutor as director of a community, reaches the required absolute majority, half +1, and thus is approved.<\/em><\/p>\n\n\n\n<p>But note that what was agreed upon is that it would be done experimentally\u2014that is, on a local level and evaluated case by case.<\/p>\n\n\n\n<p>Something similar happened in Argentina. The Salesians have appointed their first consecrated lay superior. Fernando Saade will lead the one of the communities in the country.<\/p>\n\n\n\n<p>He\u2019s not the only non-priest Salesian to take on this role. It was also announced that Spaniard Jos\u00e9 Manuel Gonz\u00e1lez will become the director of the community in Le\u00f3n, officially taking the position at the beginning of July.<\/p>\n\n\n\n<p>It was Pope Francis who, after listening to various religious communities, decided to amend Canon 588 of the Code of Canon Law. This change means that superiors of some Salesian communities no longer have to be priests by default.<\/p>\n\n\n\n<p>CA<br>Trans. CRT<\/p>\n","protected":false},"excerpt":{"rendered":"<p>The Salesians had already approved it in their most recent General Chapter: the superior of a community could be a consecrated layperson. D. PASCUAL CH\u00c1VEZ, Rector Major Emeritus of the SalesiansNumber 13, concerning the request to the Rector Major to avail himself ad experimentum of the pope's Rescript to appoint, with the consent of his [&hellip;]<\/p>\n","protected":false},"author":758,"featured_media":78499,"comment_status":"closed","ping_status":"closed","sticky":false,"template":"","format":"standard","meta":{"footnotes":""},"categories":[27],"tags":[],"acf":{"video":"https:\/\/youtu.be\/ALr0WMzkUwk","video_descarga":"https:\/\/attuale.romereports.com\/news\/bnominalaicosalesianoeng.mp4","international_url":"https:\/\/attuale.romereports.com\/news\/bnominalaicosalesianoint.mp4","type":"bn","newsletter":"si"},"_links":{"self":[{"href":"https:\/\/www.romereports.com\/en\/wp-json\/wp\/v2\/posts\/78494"}],"collection":[{"href":"https:\/\/www.romereports.com\/en\/wp-json\/wp\/v2\/posts"}],"about":[{"href":"https:\/\/www.romereports.com\/en\/wp-json\/wp\/v2\/types\/post"}],"author":[{"embeddable":true,"href":"https:\/\/www.romereports.com\/en\/wp-json\/wp\/v2\/users\/758"}],"replies":[{"embeddable":true,"href":"https:\/\/www.romereports.com\/en\/wp-json\/wp\/v2\/comments?post=78494"}],"version-history":[{"count":4,"href":"https:\/\/www.romereports.com\/en\/wp-json\/wp\/v2\/posts\/78494\/revisions"}],"predecessor-version":[{"id":78504,"href":"https:\/\/www.romereports.com\/en\/wp-json\/wp\/v2\/posts\/78494\/revisions\/78504"}],"wp:featuredmedia":[{"embeddable":true,"href":"https:\/\/www.romereports.com\/en\/wp-json\/wp\/v2\/media\/78499"}],"wp:attachment":[{"href":"https:\/\/www.romereports.com\/en\/wp-json\/wp\/v2\/media?parent=78494"}],"wp:term":[{"taxonomy":"category","embeddable":true,"href":"https:\/\/www.romereports.com\/en\/wp-json\/wp\/v2\/categories?post=78494"},{"taxonomy":"post_tag","embeddable":true,"href":"https:\/\/www.romereports.com\/en\/wp-json\/wp\/v2\/tags?post=78494"}],"curies":[{"name":"wp","href":"https:\/\/api.w.org\/{rel}","templated":true}]}}