{"id":84351,"date":"2025-12-15T12:59:31","date_gmt":"2025-12-15T11:59:31","guid":{"rendered":"https:\/\/www.romereports.com\/?p=84351"},"modified":"2025-12-15T12:59:44","modified_gmt":"2025-12-15T11:59:44","slug":"pope-leo-xiv-praises-the-spanish-and-french-martyrs-of-the-20th-century","status":"publish","type":"post","link":"https:\/\/www.romereports.com\/en\/2025\/12\/15\/pope-leo-xiv-praises-the-spanish-and-french-martyrs-of-the-20th-century\/","title":{"rendered":"Pope Leo XIV praises the Spanish and French martyrs of the 20th century"},"content":{"rendered":"\n<p>At the end of the Angelus, Pope Leo XIV reminded those present of the beatifications that took place in Spain over the weekend.<\/p>\n\n\n\n<p><strong>POPE LEO XIV<\/strong><br><em>Yesterday in Ja\u00e9n, Spain, the priest Manuel Izquierdo and 58 companions were beatified, together with the priest Antonio Monta\u00f1\u00e9s Chiquero and 64 companions, who were killed out of hatred for the faith during the religious persecution of the years 1936\u201338.<\/em><\/p>\n\n\n\n<p>He also pointed out other beatifications that took place in France, likewise for martyrdom. These involved about 50 people who were killed during the Nazi occupation.<\/p>\n\n\n\n<p><\/p>\n\n\n\n<p>JRB<\/p>\n\n\n\n<p>Trans. CRT<\/p>\n","protected":false},"excerpt":{"rendered":"<p>At the end of the Angelus, Pope Leo XIV reminded those present of the beatifications that took place in Spain over the weekend.<\/p>\n","protected":false},"author":758,"featured_media":84342,"comment_status":"closed","ping_status":"closed","sticky":false,"template":"","format":"standard","meta":{"footnotes":""},"categories":[194],"tags":[],"acf":{"video":"https:\/\/youtu.be\/AutvqBmg6xI","video_descarga":"https:\/\/attuale.romereports.com\/news\/bangelus1412eng.mp4","international_url":"https:\/\/attuale.romereports.com\/news\/bangelus1412int.mp4","type":"bn","newsletter":"si"},"_links":{"self":[{"href":"https:\/\/www.romereports.com\/en\/wp-json\/wp\/v2\/posts\/84351"}],"collection":[{"href":"https:\/\/www.romereports.com\/en\/wp-json\/wp\/v2\/posts"}],"about":[{"href":"https:\/\/www.romereports.com\/en\/wp-json\/wp\/v2\/types\/post"}],"author":[{"embeddable":true,"href":"https:\/\/www.romereports.com\/en\/wp-json\/wp\/v2\/users\/758"}],"replies":[{"embeddable":true,"href":"https:\/\/www.romereports.com\/en\/wp-json\/wp\/v2\/comments?post=84351"}],"version-history":[{"count":4,"href":"https:\/\/www.romereports.com\/en\/wp-json\/wp\/v2\/posts\/84351\/revisions"}],"predecessor-version":[{"id":84357,"href":"https:\/\/www.romereports.com\/en\/wp-json\/wp\/v2\/posts\/84351\/revisions\/84357"}],"wp:featuredmedia":[{"embeddable":true,"href":"https:\/\/www.romereports.com\/en\/wp-json\/wp\/v2\/media\/84342"}],"wp:attachment":[{"href":"https:\/\/www.romereports.com\/en\/wp-json\/wp\/v2\/media?parent=84351"}],"wp:term":[{"taxonomy":"category","embeddable":true,"href":"https:\/\/www.romereports.com\/en\/wp-json\/wp\/v2\/categories?post=84351"},{"taxonomy":"post_tag","embeddable":true,"href":"https:\/\/www.romereports.com\/en\/wp-json\/wp\/v2\/tags?post=84351"}],"curies":[{"name":"wp","href":"https:\/\/api.w.org\/{rel}","templated":true}]}}